{"id":1307,"date":"2021-01-05T23:24:14","date_gmt":"2021-01-05T22:24:14","guid":{"rendered":"https:\/\/www.detempsentemps.mobi\/blog\/?p=1307"},"modified":"2024-07-07T18:15:02","modified_gmt":"2024-07-07T16:15:02","slug":"l-euro-2020-feminin-de-handball-reflet-de-la-ligue-des-champions","status":"publish","type":"post","link":"https:\/\/www.detempsentemps.mobi\/blog\/l-euro-2020-feminin-de-handball-reflet-de-la-ligue-des-champions\/","title":{"rendered":"L&rsquo;Euro 2020 f\u00e9minin de Handball reflet de la ligue des champions"},"content":{"rendered":"\n<p>Le championnat d&rsquo;Europe qui a eu lieu en d\u00e9cembre 2020 devait se d\u00e9rouler th\u00e9oriquement apr\u00e8s 9 journ\u00e9es de Champions League, la comp\u00e9tition qui regroupe les meilleurs clubs europ\u00e9ens. La pand\u00e9mie de covid-19 \u00e9tait toujours l\u00e0 et les matchs nationaux et internationaux se sont jou\u00e9s \u00e0 huis clos, au gr\u00e9 des r\u00e9sultats des tests des joueuses et en fonction des restrictions adopt\u00e9es par chaque pays. Autant dire que le d\u00e9but de saison a \u00e9t\u00e9 chamboul\u00e9 et les semaines de matchs furent assez impr\u00e9visibles.<\/p>\n\n\n\n<p>C&rsquo;est dans ce contexte qu&rsquo;a d\u00e9but\u00e9 l&rsquo;Euro dont pr\u00e8s de la moiti\u00e9 des joueuses, 128 pour \u00eatre exact, \u00e9voluaient en ligue des champions depuis le 12 septembre 2020. Certains clubs avaient  jou\u00e9 tous les matchs pr\u00e9vus, d&rsquo;autres, \u00e0 peine la moiti\u00e9.<\/p>\n\n\n\n<p>On peut n\u00e9anmoins comparer les deux comp\u00e9titions car :<\/p>\n\n\n\n<ul class=\"wp-block-list\"><li>Les deux championnats comportent 16 \u00e9quipes.<\/li><li>Parmi les 16 \u00e9quipes de Champions league, 9 nations sont repr\u00e9sent\u00e9es ( exemple : 2 clubs russes, 2 clubs fran\u00e7ais, 1 club slov\u00e8ne&#8230;)<\/li><li>Ces 9 m\u00eames nations participent en tant qu&rsquo;\u00e9quipe nationale \u00e0 l&rsquo;Euro<\/li><\/ul>\n\n\n\n<p>On remarque ainsi, d&rsquo;apr\u00e8s le classement final de l&rsquo;Euro 2020, que la logique est respect\u00e9e : on trouve plut\u00f4t en haut de tableau, les nations qui ont des clubs en ligue des champions. <span class=\"has-inline-color has-vivid-red-color\"><strong>(Les neuf pays<\/strong><\/span> <span class=\"has-inline-color has-vivid-red-color\"><strong>en rouge dans le tableau ci-dessous<\/strong> )<\/span><\/p>\n\n\n\n<p>Les 7 autres nations qualifi\u00e9es (en noir) pour l&rsquo;Euro \u00e9taient l&rsquo;Espagne, la Su\u00e8de, le Mont\u00e9n\u00e9gro, les Pays-Bas et 3 des 4 pays \u00e9limin\u00e9s au premier tour : la r\u00e9publique tch\u00e8que, la Serbie et La Pologne. Ces 7 \u00e9quipes sont plut\u00f4t en bas de classement.<\/p>\n\n\n\n<p> Les Pays-Bas et l&rsquo;Espagne finalistes du mondial 2019 n&rsquo;ont pas r\u00e9it\u00e9r\u00e9 leurs exploits et n&rsquo;ont pas d&rsquo;\u00e9quipe en ligue des champion ( ou Champions league)<\/p>\n\n\n\n<p class=\"has-text-align-center has-white-color has-black-background-color has-text-color has-background\"><strong>Classement final de l&rsquo;Euro 2020 \/ Nombre de joueuses en ligue des champions<\/strong><\/p>\n\n\n\n<figure class=\"wp-block-table is-style-stripes\"><table><tbody><tr><td>1<\/td><td><span class=\"has-inline-color has-vivid-red-color\"><strong>Norv\u00e8ge<\/strong><\/span><\/td><td>17<\/td><\/tr><tr><td>2<\/td><td><span class=\"has-inline-color has-vivid-red-color\"><strong>France<\/strong><\/span><\/td><td>14<\/td><\/tr><tr><td>3 <\/td><td><strong><span class=\"has-inline-color has-vivid-red-color\">Croatie<\/span><\/strong><\/td><td>2<\/td><\/tr><tr><td>4<\/td><td><strong><span class=\"has-inline-color has-vivid-red-color\">Danemark<\/span><\/strong><\/td><td>9<\/td><\/tr><tr><td>5<\/td><td><strong><span class=\"has-inline-color has-vivid-red-color\">Russie<\/span><\/strong><\/td><td>13<\/td><\/tr><tr><td>6<\/td><td>Pays-Bas<\/td><td>10<\/td><\/tr><tr><td>7<\/td><td><strong><span class=\"has-inline-color has-vivid-red-color\">Allemagne<\/span><\/strong><\/td><td>12<\/td><\/tr><tr><td>8<\/td><td>Mont\u00e9n\u00e9gro<\/td><td>11<\/td><\/tr><tr><td>9<\/td><td>Espagne<\/td><td>6<\/td><\/tr><tr><td>10<\/td><td><strong><span class=\"has-inline-color has-vivid-red-color\">Hongrie<\/span><\/strong><\/td><td>9<\/td><\/tr><tr><td>11<\/td><td>Su\u00e8de<\/td><td>2<\/td><\/tr><tr><td>12<\/td><td><strong><span class=\"has-inline-color has-vivid-red-color\">Roumanie<\/span><\/strong><\/td><td>3<\/td><\/tr><tr><td>13<\/td><td>Serbie<\/td><td>7<\/td><\/tr><tr><td>14<\/td><td>Pologne<\/td><td>0<\/td><\/tr><tr><td>15<\/td><td>R\u00e9publique Tch\u00e8que<\/td><td>1<\/td><\/tr><tr><td>16<\/td><td><strong><span class=\"has-inline-color has-vivid-red-color\">Slov\u00e9nie<\/span><\/strong><\/td><td>12<\/td><\/tr><\/tbody><\/table><figcaption>Les quatre premi\u00e8res \u00e9quipes sont qualifi\u00e9es pour le <a href=\"https:\/\/fr.wikipedia.org\/wiki\/Championnat_du_monde_f%C3%A9minin_de_handball_2021\" target=\"_blank\" rel=\"noreferrer noopener\">Championnat du monde 2021<\/a>. L&rsquo;Espagne, en tant que pays h\u00f4te, et les Pays-Bas, en tant que tenant du titre, sont d\u00e9j\u00e0 qualifi\u00e9es.(wikip\u00e9dia)<\/figcaption><\/figure>\n\n\n\n<p><\/p>\n\n\n\n<p>Si on compare maintenant le classement avec le nombre de joueuses qui jouent dans une \u00e9quipe de Champions league, on voit que les deux \u00e9quipes finalistes de l&rsquo;Euro 2020, la Norv\u00e8ge et la France comptait 17 joueuses norv\u00e9giennes et 14 joueuses fran\u00e7aises engag\u00e9es dans un club de la champions league. Soit les deux \u00e9quipes avec le contingent le plus important !<\/p>\n\n\n\n<p>Ainsi, plus une \u00e9quipe nationale compte de joueuses en ligue des champions parmi son effectif, plus elle est susceptible de se trouver en haut de tableau. La logique est encore une fois respect\u00e9e, mais \u00e0 deux exceptions pr\u00e8s: la Slov\u00e9nie derni\u00e8re du classement, aurait d\u00fb se trouver \u00e0 la place de la Croatie, belle surprise de cet euro, avec 12 joueuses en Champions League contre seulement 2 pour la Croatie.<\/p>\n\n\n\n<p>Certains grands clubs europ\u00e9ens pr\u00e9sentent une multitude de nationalit\u00e9s, d&rsquo;autres n&rsquo;accueillent pas plus de deux ou trois joueuses internationales : c&rsquo;est le cas des 2 \u00e9quipes russes de Rostov-Don et du CSKA Moscou qui \u00e0 la mi-comp\u00e9tition de cette Champions League figurent aux premi\u00e8res places  avec un effectif quasi russe. A l&rsquo;inverse, les joueuses des clubs fran\u00e7ais de Metz et Brest, eux aussi bien positionn\u00e9s, sont d&rsquo;origine tr\u00e8s diverses.<\/p>\n\n\n\n<p class=\"has-text-align-center has-white-color has-black-background-color has-text-color has-background\"><strong>Classement des clubs en ligue des champions<\/strong> <strong>avant l&rsquo;Euro et r\u00e9partition des joueuses norv\u00e9giennes et fran\u00e7aises<\/strong> <strong>qui ont particip\u00e9es \u00e0 l&rsquo;Euro<\/strong><\/p>\n\n\n\n<div class=\"wp-block-columns is-layout-flex wp-container-core-columns-is-layout-9d6595d7 wp-block-columns-is-layout-flex\">\n<div class=\"wp-block-column is-layout-flow wp-block-column-is-layout-flow\" style=\"flex-basis:100%\">\n<div class=\"wp-block-image\"><figure class=\"aligncenter size-full\"><a href=\"https:\/\/www.detempsentemps.mobi\/blog\/wp-content\/uploads\/2021\/01\/groupe-A.jpg\"><img decoding=\"async\" width=\"394\" height=\"365\" data-src=\"https:\/\/www.detempsentemps.mobi\/blog\/wp-content\/uploads\/2021\/01\/groupe-A.jpg\" alt=\"Groupe A de la ligue des champions femmes\" class=\"wp-image-1323 lazyload\" data-srcset=\"https:\/\/www.detempsentemps.mobi\/blog\/wp-content\/uploads\/2021\/01\/groupe-A.jpg 394w, https:\/\/www.detempsentemps.mobi\/blog\/wp-content\/uploads\/2021\/01\/groupe-A-300x278.jpg 300w\" data-sizes=\"(max-width: 394px) 100vw, 394px\" src=\"data:image\/svg+xml;base64,PHN2ZyB3aWR0aD0iMSIgaGVpZ2h0PSIxIiB4bWxucz0iaHR0cDovL3d3dy53My5vcmcvMjAwMC9zdmciPjwvc3ZnPg==\" style=\"--smush-placeholder-width: 394px; --smush-placeholder-aspect-ratio: 394\/365;\" \/><\/a><\/figure><\/div>\n\n\n\n<div class=\"wp-block-image\"><figure class=\"aligncenter size-full\"><a href=\"https:\/\/www.detempsentemps.mobi\/blog\/wp-content\/uploads\/2021\/01\/groupe-B.jpg\"><img decoding=\"async\" width=\"396\" height=\"361\" data-src=\"https:\/\/www.detempsentemps.mobi\/blog\/wp-content\/uploads\/2021\/01\/groupe-B.jpg\" alt=\"Groupe B de la ligue des champions femmes\" class=\"wp-image-1324 lazyload\" data-srcset=\"https:\/\/www.detempsentemps.mobi\/blog\/wp-content\/uploads\/2021\/01\/groupe-B.jpg 396w, https:\/\/www.detempsentemps.mobi\/blog\/wp-content\/uploads\/2021\/01\/groupe-B-300x273.jpg 300w\" data-sizes=\"(max-width: 396px) 100vw, 396px\" src=\"data:image\/svg+xml;base64,PHN2ZyB3aWR0aD0iMSIgaGVpZ2h0PSIxIiB4bWxucz0iaHR0cDovL3d3dy53My5vcmcvMjAwMC9zdmciPjwvc3ZnPg==\" style=\"--smush-placeholder-width: 396px; --smush-placeholder-aspect-ratio: 396\/361;\" \/><\/a><\/figure><\/div>\n<\/div>\n<\/div>\n\n\n\n<p>Dans le cas de la finale opposant la France \u00e0 la Norv\u00e8ge, <\/p>\n\n\n\n<ul class=\"wp-block-list\"><li>7 norv\u00e9giennes jouent dans un club norv\u00e9gien, 7 fran\u00e7aises jouent dans un club fran\u00e7ais : il y a donc <strong>\u00e9galit\u00e9<\/strong>.<\/li><\/ul>\n\n\n\n<ul class=\"wp-block-list\"><li>4 norv\u00e9giennes et 4 fran\u00e7aises jouent \u00e0 Gy\u00f6r: il y a encore <strong>\u00e9galit\u00e9<\/strong>.<\/li><\/ul>\n\n\n\n<p>Mais les Norv\u00e9giennes ont trois joueuses suppl\u00e9mentaires en ligue des champions ! Et ce sont elles qui ont gagn\u00e9 !<\/p>\n\n\n\n<p>Ainsi de ce point de vue, on a eu une victoire logique de la Norv\u00e8ge face \u00e0 la france et une finale logique entre la Norv\u00e8ge et la France.<\/p>\n\n\n\n<p>De plus, on note que le club hongrois de Gy\u00f6r avec 8 joueuses est le plus repr\u00e9sent\u00e9 en finale. C&rsquo;est aussi actuellement le premier du groupe B . Il refl\u00e8te la finale de cet Euro 2020. Et Estelle Nze Minko, joueuse fran\u00e7aise de Gy\u00f6r a \u00e9t\u00e9 \u00e9lue MVP de la comp\u00e9tition !<\/p>\n\n\n\n<div class=\"wp-block-image\"><figure class=\"aligncenter size-large is-resized\"><a href=\"https:\/\/www.detempsentemps.mobi\/blog\/wp-content\/uploads\/2021\/01\/estelle-nze-minko-MVP.jpg\"><img decoding=\"async\" data-src=\"https:\/\/www.detempsentemps.mobi\/blog\/wp-content\/uploads\/2021\/01\/estelle-nze-minko-MVP-1024x682.jpg\" alt=\"Estelle Nze Minko , \u00e9lue MVP de l'euro 2020\" class=\"wp-image-1319 lazyload\" width=\"512\" height=\"341\" data-srcset=\"https:\/\/www.detempsentemps.mobi\/blog\/wp-content\/uploads\/2021\/01\/estelle-nze-minko-MVP-1024x682.jpg 1024w, https:\/\/www.detempsentemps.mobi\/blog\/wp-content\/uploads\/2021\/01\/estelle-nze-minko-MVP-300x200.jpg 300w, https:\/\/www.detempsentemps.mobi\/blog\/wp-content\/uploads\/2021\/01\/estelle-nze-minko-MVP-768x512.jpg 768w, https:\/\/www.detempsentemps.mobi\/blog\/wp-content\/uploads\/2021\/01\/estelle-nze-minko-MVP-800x533.jpg 800w, https:\/\/www.detempsentemps.mobi\/blog\/wp-content\/uploads\/2021\/01\/estelle-nze-minko-MVP.jpg 1312w\" data-sizes=\"(max-width: 512px) 100vw, 512px\" src=\"data:image\/svg+xml;base64,PHN2ZyB3aWR0aD0iMSIgaGVpZ2h0PSIxIiB4bWxucz0iaHR0cDovL3d3dy53My5vcmcvMjAwMC9zdmciPjwvc3ZnPg==\" style=\"--smush-placeholder-width: 512px; --smush-placeholder-aspect-ratio: 512\/341;\" \/><\/a><figcaption>Estelle Nze Minko lors de la finale, \u00e9lue MVP de l&rsquo;Euro 2020<\/figcaption><\/figure><\/div>\n\n\n\n<p>On remarque aussi que l&rsquo;\u00e9quipe norv\u00e9gienne de Kristiansand n&rsquo;a jou\u00e9 que 4 matchs alors que les autres \u00e9quipes en ont jou\u00e9 souvent 8 ou 9. Cela a pu compter au niveau de la fatigue lors de la finale.<\/p>\n\n\n\n<p>Evidemment on aurait aim\u00e9 la victoire de l&rsquo;\u00e9quipe de france mais les fran\u00e7aises nous ont fait de nouveau vibrer jusqu&rsquo;au bout.<\/p>\n\n\n\n<div class=\"wp-block-image\"><figure class=\"aligncenter size-large is-resized\"><a href=\"https:\/\/www.detempsentemps.mobi\/blog\/wp-content\/uploads\/2021\/01\/podium-euro-2020.jpg\"><img decoding=\"async\" data-src=\"https:\/\/www.detempsentemps.mobi\/blog\/wp-content\/uploads\/2021\/01\/podium-euro-2020-1024x682.jpg\" alt=\"Podium Euro 2020 France\" class=\"wp-image-1322 lazyload\" width=\"512\" height=\"341\" data-srcset=\"https:\/\/www.detempsentemps.mobi\/blog\/wp-content\/uploads\/2021\/01\/podium-euro-2020-1024x682.jpg 1024w, https:\/\/www.detempsentemps.mobi\/blog\/wp-content\/uploads\/2021\/01\/podium-euro-2020-300x200.jpg 300w, https:\/\/www.detempsentemps.mobi\/blog\/wp-content\/uploads\/2021\/01\/podium-euro-2020-768x512.jpg 768w, https:\/\/www.detempsentemps.mobi\/blog\/wp-content\/uploads\/2021\/01\/podium-euro-2020-800x533.jpg 800w, https:\/\/www.detempsentemps.mobi\/blog\/wp-content\/uploads\/2021\/01\/podium-euro-2020.jpg 1312w\" data-sizes=\"(max-width: 512px) 100vw, 512px\" src=\"data:image\/svg+xml;base64,PHN2ZyB3aWR0aD0iMSIgaGVpZ2h0PSIxIiB4bWxucz0iaHR0cDovL3d3dy53My5vcmcvMjAwMC9zdmciPjwvc3ZnPg==\" style=\"--smush-placeholder-width: 512px; --smush-placeholder-aspect-ratio: 512\/341;\" \/><\/a><figcaption>M\u00e9daille d&rsquo;argent pour l&rsquo;\u00e9quipe de france sur le podium<\/figcaption><\/figure><\/div>\n\n\n\n<p>Un grand merci \u00e0 la f\u00e9d\u00e9ration danoise de handball d&rsquo;avoir relev\u00e9 le d\u00e9fi d&rsquo;organiser seule la comp\u00e9tition \u00e0 huis clos malgr\u00e9 le contexte sanitaire et le renoncement au dernier moment de la f\u00e9d\u00e9ration norv\u00e9gienne  co-organisatrice. L&rsquo;EHF a sans doute aussi jou\u00e9 un r\u00f4le important. <\/p>\n\n\n\n<p><strong>Sources :<\/strong><\/p>\n\n\n\n<p><a href=\"https:\/\/ehfcl.eurohandball.com\/women\/2020-21\/news\/en\/31-champions-league-stars-featured-in-ehf-euro-final\/\">https:\/\/ehfcl.eurohandball.com\/women\/2020-21\/news\/en\/31-champions-league-stars-featured-in-ehf-euro-final\/<\/a><\/p>\n\n\n\n<p><a href=\"https:\/\/fr.wikipedia.org\/wiki\/Championnat_d%27Europe_f%C3%A9minin_de_handball_2020\">https:\/\/fr.wikipedia.org\/wiki\/Championnat_d%27Europe_f%C3%A9minin_de_handball_2020<\/a><\/p>\n\n\n\n<p><a href=\"https:\/\/ehfcl.eurohandball.com\/women\/2020-21\/standings\/#group-phase\">https:\/\/ehfcl.eurohandball.com\/women\/2020-21\/standings\/#group-phase<\/a><\/p>\n\n\n\n<p><a href=\"https:\/\/ehfcl.eurohandball.com\/women\/2020-21\/news\/en\/norway-and-krim-top-the-euro-champions-league-ranking\/\">https:\/\/ehfcl.eurohandball.com\/women\/2020-21\/news\/en\/norway-and-krim-top-the-euro-champions-league-ranking\/<\/a><\/p>\n<div style=\"padding-bottom:20px; padding-top:10px;\" class=\"hupso-share-buttons\"><!-- Hupso Share Buttons - https:\/\/www.hupso.com\/share\/ --><a class=\"hupso_toolbar\" href=\"https:\/\/www.hupso.com\/share\/\"><img decoding=\"async\" data-src=\"https:\/\/static.hupso.com\/share\/buttons\/lang\/fr\/share-medium.png\" style=\"border:0px; padding-top: 5px; float:left;\" alt=\"Share Button\" src=\"data:image\/svg+xml;base64,PHN2ZyB3aWR0aD0iMSIgaGVpZ2h0PSIxIiB4bWxucz0iaHR0cDovL3d3dy53My5vcmcvMjAwMC9zdmciPjwvc3ZnPg==\" class=\"lazyload\" \/><\/a><script type=\"text\/javascript\">var hupso_services_t=new Array(\"Twitter\",\"Facebook\",\"Pinterest\",\"Linkedin\",\"Email\");var hupso_background_t=\"#EAF4FF\";var hupso_border_t=\"#66CCFF\";var hupso_toolbar_size_t=\"medium\";var hupso_image_folder_url = \"\";var hupso_twitter_via=\"gau_c\";var hupso_url_t=\"\";var hupso_title_t=\"L%27Euro%202020%20f%C3%A9minin%20de%20Handball%20reflet%20de%20la%20ligue%20des%20champions\";<\/script><script type=\"text\/javascript\" src=\"https:\/\/static.hupso.com\/share\/js\/share_toolbar.js\"><\/script><!-- Hupso Share Buttons --><\/div>","protected":false},"excerpt":{"rendered":"<p>Le championnat d&rsquo;Europe qui a eu lieu en d\u00e9cembre 2020 devait se d\u00e9rouler th\u00e9oriquement apr\u00e8s 9 journ\u00e9es de Champions League, la comp\u00e9tition qui regroupe les meilleurs clubs europ\u00e9ens. La pand\u00e9mie de covid-19 \u00e9tait toujours l\u00e0 et les matchs nationaux et &hellip; <a href=\"https:\/\/www.detempsentemps.mobi\/blog\/l-euro-2020-feminin-de-handball-reflet-de-la-ligue-des-champions\/\">&nbsp;LIRE LA SUITE <span class=\"meta-nav\">&gt;<\/span>&nbsp;<\/a><\/p>\n","protected":false},"author":2,"featured_media":0,"comment_status":"open","ping_status":"closed","sticky":false,"template":"","format":"standard","meta":{"_uag_custom_page_level_css":"","footnotes":""},"categories":[49],"tags":[60,61,62,59],"class_list":["post-1307","post","type-post","status-publish","format-standard","hentry","category-handball","tag-champions-league","tag-estelle-nze-minko","tag-euro-2020","tag-gyor"],"yoast_head":"<!-- This site is optimized with the Yoast SEO plugin v25.6 - https:\/\/yoast.com\/wordpress\/plugins\/seo\/ -->\n<title>L&#039;Euro 2020 f\u00e9minin de Handball reflet de la ligue des champions<\/title>\n<meta name=\"description\" content=\"Les joueuses de handball qui jouent en ligue des champions se retrouvent en haut de classement des \u00e9quipes nationales de l&#039;Euro 2020 f\u00e9minin\" \/>\n<meta name=\"robots\" content=\"index, follow, max-snippet:-1, max-image-preview:large, max-video-preview:-1\" \/>\n<link rel=\"canonical\" href=\"https:\/\/www.detempsentemps.mobi\/blog\/l-euro-2020-feminin-de-handball-reflet-de-la-ligue-des-champions\/\" \/>\n<meta property=\"og:locale\" content=\"fr_FR\" \/>\n<meta property=\"og:type\" content=\"article\" \/>\n<meta property=\"og:title\" content=\"L&#039;Euro 2020 f\u00e9minin de Handball reflet de la ligue des champions\" \/>\n<meta property=\"og:description\" content=\"Les joueuses de handball qui jouent en ligue des champions se retrouvent en haut de classement des \u00e9quipes nationales de l&#039;Euro 2020 f\u00e9minin\" \/>\n<meta property=\"og:url\" content=\"https:\/\/www.detempsentemps.mobi\/blog\/l-euro-2020-feminin-de-handball-reflet-de-la-ligue-des-champions\/\" \/>\n<meta property=\"og:site_name\" content=\"De tempS eN TempS\" \/>\n<meta property=\"article:published_time\" content=\"2021-01-05T22:24:14+00:00\" \/>\n<meta property=\"article:modified_time\" content=\"2024-07-07T16:15:02+00:00\" \/>\n<meta property=\"og:image\" content=\"https:\/\/www.detempsentemps.mobi\/blog\/wp-content\/uploads\/2021\/01\/groupe-A.jpg\" \/>\n<meta name=\"author\" content=\"Carole Gauquelin\" \/>\n<meta name=\"twitter:card\" content=\"summary_large_image\" \/>\n<meta name=\"twitter:label1\" content=\"\u00c9crit par\" \/>\n\t<meta name=\"twitter:data1\" content=\"Carole Gauquelin\" \/>\n\t<meta name=\"twitter:label2\" content=\"Dur\u00e9e de lecture estim\u00e9e\" \/>\n\t<meta name=\"twitter:data2\" content=\"5 minutes\" \/>\n<script type=\"application\/ld+json\" class=\"yoast-schema-graph\">{\"@context\":\"https:\/\/schema.org\",\"@graph\":[{\"@type\":\"Article\",\"@id\":\"https:\/\/www.detempsentemps.mobi\/blog\/l-euro-2020-feminin-de-handball-reflet-de-la-ligue-des-champions\/#article\",\"isPartOf\":{\"@id\":\"https:\/\/www.detempsentemps.mobi\/blog\/l-euro-2020-feminin-de-handball-reflet-de-la-ligue-des-champions\/\"},\"author\":{\"name\":\"Carole Gauquelin\",\"@id\":\"https:\/\/www.detempsentemps.mobi\/blog\/#\/schema\/person\/620c50b6883f9899f3e6a046467553dd\"},\"headline\":\"L&rsquo;Euro 2020 f\u00e9minin de Handball reflet de la ligue des champions\",\"datePublished\":\"2021-01-05T22:24:14+00:00\",\"dateModified\":\"2024-07-07T16:15:02+00:00\",\"mainEntityOfPage\":{\"@id\":\"https:\/\/www.detempsentemps.mobi\/blog\/l-euro-2020-feminin-de-handball-reflet-de-la-ligue-des-champions\/\"},\"wordCount\":928,\"commentCount\":0,\"publisher\":{\"@id\":\"https:\/\/www.detempsentemps.mobi\/blog\/#\/schema\/person\/620c50b6883f9899f3e6a046467553dd\"},\"image\":{\"@id\":\"https:\/\/www.detempsentemps.mobi\/blog\/l-euro-2020-feminin-de-handball-reflet-de-la-ligue-des-champions\/#primaryimage\"},\"thumbnailUrl\":\"https:\/\/www.detempsentemps.mobi\/blog\/wp-content\/uploads\/2021\/01\/groupe-A.jpg\",\"keywords\":[\"Champions league\",\"Estelle Nze Minko\",\"Euro 2020\",\"Gy\u00f6r\"],\"articleSection\":[\"Handball\"],\"inLanguage\":\"fr-FR\",\"potentialAction\":[{\"@type\":\"CommentAction\",\"name\":\"Comment\",\"target\":[\"https:\/\/www.detempsentemps.mobi\/blog\/l-euro-2020-feminin-de-handball-reflet-de-la-ligue-des-champions\/#respond\"]}]},{\"@type\":\"WebPage\",\"@id\":\"https:\/\/www.detempsentemps.mobi\/blog\/l-euro-2020-feminin-de-handball-reflet-de-la-ligue-des-champions\/\",\"url\":\"https:\/\/www.detempsentemps.mobi\/blog\/l-euro-2020-feminin-de-handball-reflet-de-la-ligue-des-champions\/\",\"name\":\"L'Euro 2020 f\u00e9minin de Handball reflet de la ligue des champions\",\"isPartOf\":{\"@id\":\"https:\/\/www.detempsentemps.mobi\/blog\/#website\"},\"primaryImageOfPage\":{\"@id\":\"https:\/\/www.detempsentemps.mobi\/blog\/l-euro-2020-feminin-de-handball-reflet-de-la-ligue-des-champions\/#primaryimage\"},\"image\":{\"@id\":\"https:\/\/www.detempsentemps.mobi\/blog\/l-euro-2020-feminin-de-handball-reflet-de-la-ligue-des-champions\/#primaryimage\"},\"thumbnailUrl\":\"https:\/\/www.detempsentemps.mobi\/blog\/wp-content\/uploads\/2021\/01\/groupe-A.jpg\",\"datePublished\":\"2021-01-05T22:24:14+00:00\",\"dateModified\":\"2024-07-07T16:15:02+00:00\",\"description\":\"Les joueuses de handball qui jouent en ligue des champions se retrouvent en haut de classement des \u00e9quipes nationales de l'Euro 2020 f\u00e9minin\",\"inLanguage\":\"fr-FR\",\"potentialAction\":[{\"@type\":\"ReadAction\",\"target\":[\"https:\/\/www.detempsentemps.mobi\/blog\/l-euro-2020-feminin-de-handball-reflet-de-la-ligue-des-champions\/\"]}]},{\"@type\":\"ImageObject\",\"inLanguage\":\"fr-FR\",\"@id\":\"https:\/\/www.detempsentemps.mobi\/blog\/l-euro-2020-feminin-de-handball-reflet-de-la-ligue-des-champions\/#primaryimage\",\"url\":\"https:\/\/www.detempsentemps.mobi\/blog\/wp-content\/uploads\/2021\/01\/groupe-A.jpg\",\"contentUrl\":\"https:\/\/www.detempsentemps.mobi\/blog\/wp-content\/uploads\/2021\/01\/groupe-A.jpg\",\"width\":394,\"height\":365},{\"@type\":\"WebSite\",\"@id\":\"https:\/\/www.detempsentemps.mobi\/blog\/#website\",\"url\":\"https:\/\/www.detempsentemps.mobi\/blog\/\",\"name\":\"De tempS eN TempS\",\"description\":\"Le Blog : Handball et autres sujets\",\"publisher\":{\"@id\":\"https:\/\/www.detempsentemps.mobi\/blog\/#\/schema\/person\/620c50b6883f9899f3e6a046467553dd\"},\"potentialAction\":[{\"@type\":\"SearchAction\",\"target\":{\"@type\":\"EntryPoint\",\"urlTemplate\":\"https:\/\/www.detempsentemps.mobi\/blog\/?s={search_term_string}\"},\"query-input\":{\"@type\":\"PropertyValueSpecification\",\"valueRequired\":true,\"valueName\":\"search_term_string\"}}],\"inLanguage\":\"fr-FR\"},{\"@type\":[\"Person\",\"Organization\"],\"@id\":\"https:\/\/www.detempsentemps.mobi\/blog\/#\/schema\/person\/620c50b6883f9899f3e6a046467553dd\",\"name\":\"Carole Gauquelin\",\"image\":{\"@type\":\"ImageObject\",\"inLanguage\":\"fr-FR\",\"@id\":\"https:\/\/www.detempsentemps.mobi\/blog\/#\/schema\/person\/image\/\",\"url\":\"https:\/\/secure.gravatar.com\/avatar\/78267e17080cf816971626afe52e089260bc88dab78908d5a9434169971ba298?s=96&d=mm&r=g\",\"contentUrl\":\"https:\/\/secure.gravatar.com\/avatar\/78267e17080cf816971626afe52e089260bc88dab78908d5a9434169971ba298?s=96&d=mm&r=g\",\"caption\":\"Carole Gauquelin\"},\"logo\":{\"@id\":\"https:\/\/www.detempsentemps.mobi\/blog\/#\/schema\/person\/image\/\"}}]}<\/script>\n<!-- \/ Yoast SEO plugin. -->","yoast_head_json":{"title":"L'Euro 2020 f\u00e9minin de Handball reflet de la ligue des champions","description":"Les joueuses de handball qui jouent en ligue des champions se retrouvent en haut de classement des \u00e9quipes nationales de l'Euro 2020 f\u00e9minin","robots":{"index":"index","follow":"follow","max-snippet":"max-snippet:-1","max-image-preview":"max-image-preview:large","max-video-preview":"max-video-preview:-1"},"canonical":"https:\/\/www.detempsentemps.mobi\/blog\/l-euro-2020-feminin-de-handball-reflet-de-la-ligue-des-champions\/","og_locale":"fr_FR","og_type":"article","og_title":"L'Euro 2020 f\u00e9minin de Handball reflet de la ligue des champions","og_description":"Les joueuses de handball qui jouent en ligue des champions se retrouvent en haut de classement des \u00e9quipes nationales de l'Euro 2020 f\u00e9minin","og_url":"https:\/\/www.detempsentemps.mobi\/blog\/l-euro-2020-feminin-de-handball-reflet-de-la-ligue-des-champions\/","og_site_name":"De tempS eN TempS","article_published_time":"2021-01-05T22:24:14+00:00","article_modified_time":"2024-07-07T16:15:02+00:00","og_image":[{"url":"https:\/\/www.detempsentemps.mobi\/blog\/wp-content\/uploads\/2021\/01\/groupe-A.jpg","type":"","width":"","height":""}],"author":"Carole Gauquelin","twitter_card":"summary_large_image","twitter_misc":{"\u00c9crit par":"Carole Gauquelin","Dur\u00e9e de lecture estim\u00e9e":"5 minutes"},"schema":{"@context":"https:\/\/schema.org","@graph":[{"@type":"Article","@id":"https:\/\/www.detempsentemps.mobi\/blog\/l-euro-2020-feminin-de-handball-reflet-de-la-ligue-des-champions\/#article","isPartOf":{"@id":"https:\/\/www.detempsentemps.mobi\/blog\/l-euro-2020-feminin-de-handball-reflet-de-la-ligue-des-champions\/"},"author":{"name":"Carole Gauquelin","@id":"https:\/\/www.detempsentemps.mobi\/blog\/#\/schema\/person\/620c50b6883f9899f3e6a046467553dd"},"headline":"L&rsquo;Euro 2020 f\u00e9minin de Handball reflet de la ligue des champions","datePublished":"2021-01-05T22:24:14+00:00","dateModified":"2024-07-07T16:15:02+00:00","mainEntityOfPage":{"@id":"https:\/\/www.detempsentemps.mobi\/blog\/l-euro-2020-feminin-de-handball-reflet-de-la-ligue-des-champions\/"},"wordCount":928,"commentCount":0,"publisher":{"@id":"https:\/\/www.detempsentemps.mobi\/blog\/#\/schema\/person\/620c50b6883f9899f3e6a046467553dd"},"image":{"@id":"https:\/\/www.detempsentemps.mobi\/blog\/l-euro-2020-feminin-de-handball-reflet-de-la-ligue-des-champions\/#primaryimage"},"thumbnailUrl":"https:\/\/www.detempsentemps.mobi\/blog\/wp-content\/uploads\/2021\/01\/groupe-A.jpg","keywords":["Champions league","Estelle Nze Minko","Euro 2020","Gy\u00f6r"],"articleSection":["Handball"],"inLanguage":"fr-FR","potentialAction":[{"@type":"CommentAction","name":"Comment","target":["https:\/\/www.detempsentemps.mobi\/blog\/l-euro-2020-feminin-de-handball-reflet-de-la-ligue-des-champions\/#respond"]}]},{"@type":"WebPage","@id":"https:\/\/www.detempsentemps.mobi\/blog\/l-euro-2020-feminin-de-handball-reflet-de-la-ligue-des-champions\/","url":"https:\/\/www.detempsentemps.mobi\/blog\/l-euro-2020-feminin-de-handball-reflet-de-la-ligue-des-champions\/","name":"L'Euro 2020 f\u00e9minin de Handball reflet de la ligue des champions","isPartOf":{"@id":"https:\/\/www.detempsentemps.mobi\/blog\/#website"},"primaryImageOfPage":{"@id":"https:\/\/www.detempsentemps.mobi\/blog\/l-euro-2020-feminin-de-handball-reflet-de-la-ligue-des-champions\/#primaryimage"},"image":{"@id":"https:\/\/www.detempsentemps.mobi\/blog\/l-euro-2020-feminin-de-handball-reflet-de-la-ligue-des-champions\/#primaryimage"},"thumbnailUrl":"https:\/\/www.detempsentemps.mobi\/blog\/wp-content\/uploads\/2021\/01\/groupe-A.jpg","datePublished":"2021-01-05T22:24:14+00:00","dateModified":"2024-07-07T16:15:02+00:00","description":"Les joueuses de handball qui jouent en ligue des champions se retrouvent en haut de classement des \u00e9quipes nationales de l'Euro 2020 f\u00e9minin","inLanguage":"fr-FR","potentialAction":[{"@type":"ReadAction","target":["https:\/\/www.detempsentemps.mobi\/blog\/l-euro-2020-feminin-de-handball-reflet-de-la-ligue-des-champions\/"]}]},{"@type":"ImageObject","inLanguage":"fr-FR","@id":"https:\/\/www.detempsentemps.mobi\/blog\/l-euro-2020-feminin-de-handball-reflet-de-la-ligue-des-champions\/#primaryimage","url":"https:\/\/www.detempsentemps.mobi\/blog\/wp-content\/uploads\/2021\/01\/groupe-A.jpg","contentUrl":"https:\/\/www.detempsentemps.mobi\/blog\/wp-content\/uploads\/2021\/01\/groupe-A.jpg","width":394,"height":365},{"@type":"WebSite","@id":"https:\/\/www.detempsentemps.mobi\/blog\/#website","url":"https:\/\/www.detempsentemps.mobi\/blog\/","name":"De tempS eN TempS","description":"Le Blog : Handball et autres sujets","publisher":{"@id":"https:\/\/www.detempsentemps.mobi\/blog\/#\/schema\/person\/620c50b6883f9899f3e6a046467553dd"},"potentialAction":[{"@type":"SearchAction","target":{"@type":"EntryPoint","urlTemplate":"https:\/\/www.detempsentemps.mobi\/blog\/?s={search_term_string}"},"query-input":{"@type":"PropertyValueSpecification","valueRequired":true,"valueName":"search_term_string"}}],"inLanguage":"fr-FR"},{"@type":["Person","Organization"],"@id":"https:\/\/www.detempsentemps.mobi\/blog\/#\/schema\/person\/620c50b6883f9899f3e6a046467553dd","name":"Carole Gauquelin","image":{"@type":"ImageObject","inLanguage":"fr-FR","@id":"https:\/\/www.detempsentemps.mobi\/blog\/#\/schema\/person\/image\/","url":"https:\/\/secure.gravatar.com\/avatar\/78267e17080cf816971626afe52e089260bc88dab78908d5a9434169971ba298?s=96&d=mm&r=g","contentUrl":"https:\/\/secure.gravatar.com\/avatar\/78267e17080cf816971626afe52e089260bc88dab78908d5a9434169971ba298?s=96&d=mm&r=g","caption":"Carole Gauquelin"},"logo":{"@id":"https:\/\/www.detempsentemps.mobi\/blog\/#\/schema\/person\/image\/"}}]}},"uagb_featured_image_src":{"full":false,"thumbnail":false,"medium":false,"medium_large":false,"large":false,"1536x1536":false,"2048x2048":false,"coraline-image-template":false,"post-thumbnail":false},"uagb_author_info":{"display_name":"Carole Gauquelin","author_link":"https:\/\/www.detempsentemps.mobi\/blog\/author\/2teamscg\/"},"uagb_comment_info":0,"uagb_excerpt":"Le championnat d&rsquo;Europe qui a eu lieu en d\u00e9cembre 2020 devait se d\u00e9rouler th\u00e9oriquement apr\u00e8s 9 journ\u00e9es de Champions League, la comp\u00e9tition qui regroupe les meilleurs clubs europ\u00e9ens. La pand\u00e9mie de covid-19 \u00e9tait toujours l\u00e0 et les matchs nationaux et &hellip; &nbsp;LIRE LA SUITE &gt;&nbsp;","_links":{"self":[{"href":"https:\/\/www.detempsentemps.mobi\/blog\/wp-json\/wp\/v2\/posts\/1307","targetHints":{"allow":["GET"]}}],"collection":[{"href":"https:\/\/www.detempsentemps.mobi\/blog\/wp-json\/wp\/v2\/posts"}],"about":[{"href":"https:\/\/www.detempsentemps.mobi\/blog\/wp-json\/wp\/v2\/types\/post"}],"author":[{"embeddable":true,"href":"https:\/\/www.detempsentemps.mobi\/blog\/wp-json\/wp\/v2\/users\/2"}],"replies":[{"embeddable":true,"href":"https:\/\/www.detempsentemps.mobi\/blog\/wp-json\/wp\/v2\/comments?post=1307"}],"version-history":[{"count":27,"href":"https:\/\/www.detempsentemps.mobi\/blog\/wp-json\/wp\/v2\/posts\/1307\/revisions"}],"predecessor-version":[{"id":1908,"href":"https:\/\/www.detempsentemps.mobi\/blog\/wp-json\/wp\/v2\/posts\/1307\/revisions\/1908"}],"wp:attachment":[{"href":"https:\/\/www.detempsentemps.mobi\/blog\/wp-json\/wp\/v2\/media?parent=1307"}],"wp:term":[{"taxonomy":"category","embeddable":true,"href":"https:\/\/www.detempsentemps.mobi\/blog\/wp-json\/wp\/v2\/categories?post=1307"},{"taxonomy":"post_tag","embeddable":true,"href":"https:\/\/www.detempsentemps.mobi\/blog\/wp-json\/wp\/v2\/tags?post=1307"}],"curies":[{"name":"wp","href":"https:\/\/api.w.org\/{rel}","templated":true}]}}